[{"@context":"https:\/\/schema.org\/","@type":"Article","@id":"https:\/\/www.bylola.es\/por-ahora-somos-checos\/#Article","mainEntityOfPage":"https:\/\/www.bylola.es\/por-ahora-somos-checos\/","headline":"Por ahora, somos checos","name":"Por ahora, somos checos","description":"De ni\u00f1o me animaron a sentirme orgulloso de ser checo, o incluso checoslovaco. Y, como suele ocurrir con los ni\u00f1os ingenuos, lo acept\u00e9. Estaba orgulloso de lo que deb\u00eda estarlo, y no de lo que no deb\u00eda gustarme, seg\u00fan las decisiones de mis superiores. Porque me guiaron adecuadamente para hacerlo, o mejor dicho, me empujaron &hellip; ","datePublished":"2022-05-03","dateModified":"2022-05-03","author":{"@type":"Person","@id":"https:\/\/www.bylola.es\/author\/#Person","name":"","url":"https:\/\/www.bylola.es\/author\/","identifier":1,"image":{"@type":"ImageObject","@id":"https:\/\/secure.gravatar.com\/avatar\/e7b590144558ebad68292226b8af0772e2d53ba82fa105c348ae9b5254e51a11?s=96&d=mm&r=g","url":"https:\/\/secure.gravatar.com\/avatar\/e7b590144558ebad68292226b8af0772e2d53ba82fa105c348ae9b5254e51a11?s=96&d=mm&r=g","height":96,"width":96}},"publisher":{"@type":"Organization","name":"bylola.es","logo":{"@type":"ImageObject","@id":"\/logo.png","url":"\/logo.png","width":600,"height":60}},"image":{"@type":"ImageObject","@id":"https:\/\/www.bylola.es\/wp-content\/uploads\/%C5%BE_10_10_4.jpg","url":"https:\/\/www.bylola.es\/wp-content\/uploads\/%C5%BE_10_10_4.jpg","height":0,"width":0},"url":"https:\/\/www.bylola.es\/por-ahora-somos-checos\/","about":["Empresa"],"wordCount":397,"articleBody":"De ni\u00f1o me animaron a sentirme orgulloso de ser checo, o incluso checoslovaco. Y, como suele ocurrir con los ni\u00f1os ingenuos, lo acept\u00e9. Estaba orgulloso de lo que deb\u00eda estarlo, y no de lo que no deb\u00eda gustarme, seg\u00fan las decisiones de mis superiores. Porque me guiaron adecuadamente para hacerlo, o mejor dicho, me empujaron a hacerlo. Y cuando empec\u00e9 a entrar en raz\u00f3n, empec\u00e9 a darme cuenta de que, en realidad, no todo era como me lo presentaban. Por eso empec\u00e9 poco a poco a acercarme a los adultos -las personas que normalmente s\u00f3lo aceptan y apoyan el sistema de forma ostensible- con mis opiniones.  porque lo principal era sobrevivir y, con suerte, vivir en paz. He aprendido que a veces merezco la cr\u00edtica, pero no me recompensan por criticarla. Porque no se act\u00faa contra el que critica, sino contra el criticado. Viv\u00eda en una especie de papiro. Por fuera todo parec\u00eda ir bien, parec\u00eda que ten\u00eda que ser as\u00ed, parec\u00eda que no se pod\u00eda cambiar, y por dentro herv\u00eda y cada vez surg\u00eda m\u00e1s presi\u00f3n. Hasta que un d\u00eda estall\u00f3. Durante un tiempo el mundo fue de color de rosa. S\u00ed, hab\u00eda que prepararse para medidas impopulares, y finalmente se aplicaron, pero no era el ma\u00f1ana feliz que s\u00f3lo se hab\u00eda prometido, sino un ma\u00f1ana que por fin parec\u00eda feliz.  Pero las personas son s\u00f3lo personas. As\u00ed que hay personas en la sociedad a las que no se les pueden ense\u00f1ar nuevas habilidades. Y en los largos a\u00f1os transcurridos desde la revoluci\u00f3n de terciopelo, hemos vuelto a ser socialistas. De nuevo, hay mucha gente que hace tiempo que ha olvidado las advertencias en voz alta y basadas en hechos. Un d\u00eda no podr\u00e1n vivir s\u00f3lo de sus pensiones y tendr\u00e1n que ahorrar. \u00a1Y ahora est\u00e1n enfadados porque sus predicciones se han hecho realidad! Y mucha gente vota a los populistas. Quieren m\u00e1s a costa del Estado. No podemos permit\u00edrnoslo. Al hacerlo, est\u00e1n cavando una tumba imaginaria para nuestra sociedad. Si este pa\u00eds quiebra, los que sean capaces huir\u00e1n. Y otros reafirmar\u00e1n su totalitarismo con la promesa de alg\u00fan tipo de seguridad.                                                                                                                                                                                                                                                                                                                                                                                        4.4\/5 - (13 votes)        "},{"@context":"https:\/\/schema.org\/","@type":"BreadcrumbList","itemListElement":[{"@type":"ListItem","position":1,"name":"Por ahora, somos checos","item":"https:\/\/www.bylola.es\/por-ahora-somos-checos\/#breadcrumbitem"}]}]